{"id":5516,"date":"2026-09-01T08:02:40","date_gmt":"2026-09-01T06:02:40","guid":{"rendered":"https:\/\/ehcbucheggberg.ch\/?p=5516"},"modified":"2026-09-01T08:02:42","modified_gmt":"2026-09-01T06:02:42","slug":"spielplaene-saison-26-27","status":"publish","type":"post","link":"https:\/\/ehcbucheggberg.ch\/index.php\/spielplaene-saison-26-27\/","title":{"rendered":"Spielpl\u00e4ne Saison 26\/27"},"content":{"rendered":"\n<p class=\"has-regular-font-size wp-block-paragraph\"><br>Es ist wieder soweit &#8211; Es ist Eishockey Zeit. <br>Wir melden uns nach der Sommerpause zur\u00fcck und starten die Saison heute, mit einem Vorbereitungsspiel unserer 1. Mannschaft gegen den HC M\u00fchlethurnen und den Spielpl\u00e4nen unserer beiden Mannschaften. <br><br>Wir freuen uns auf eine tolle Saison und auf Euch!<br><br>Hopp Buechi!!<\/p>\n\n\n\n<figure class=\"wp-block-image size-large\"><img loading=\"lazy\" decoding=\"async\" width=\"683\" height=\"1024\" src=\"https:\/\/ehcbucheggberg.ch\/wp-content\/uploads\/Spielplan-1.-Mannschaft-2-683x1024.jpg\" alt=\"\" class=\"wp-image-5519\" srcset=\"https:\/\/ehcbucheggberg.ch\/wp-content\/uploads\/Spielplan-1.-Mannschaft-2-683x1024.jpg 683w, https:\/\/ehcbucheggberg.ch\/wp-content\/uploads\/Spielplan-1.-Mannschaft-2-200x300.jpg 200w, https:\/\/ehcbucheggberg.ch\/wp-content\/uploads\/Spielplan-1.-Mannschaft-2-768x1152.jpg 768w, https:\/\/ehcbucheggberg.ch\/wp-content\/uploads\/Spielplan-1.-Mannschaft-2-720x1080.jpg 720w, https:\/\/ehcbucheggberg.ch\/wp-content\/uploads\/Spielplan-1.-Mannschaft-2.jpg 1024w\" sizes=\"auto, (max-width: 683px) 100vw, 683px\" \/><\/figure>\n\n\n\n<figure class=\"wp-block-image size-large\"><img loading=\"lazy\" decoding=\"async\" width=\"683\" height=\"1024\" src=\"https:\/\/ehcbucheggberg.ch\/wp-content\/uploads\/Spielplan-2.-Mannschaft-2-683x1024.jpg\" alt=\"\" class=\"wp-image-5520\" srcset=\"https:\/\/ehcbucheggberg.ch\/wp-content\/uploads\/Spielplan-2.-Mannschaft-2-683x1024.jpg 683w, https:\/\/ehcbucheggberg.ch\/wp-content\/uploads\/Spielplan-2.-Mannschaft-2-200x300.jpg 200w, https:\/\/ehcbucheggberg.ch\/wp-content\/uploads\/Spielplan-2.-Mannschaft-2-768x1152.jpg 768w, https:\/\/ehcbucheggberg.ch\/wp-content\/uploads\/Spielplan-2.-Mannschaft-2-720x1080.jpg 720w, https:\/\/ehcbucheggberg.ch\/wp-content\/uploads\/Spielplan-2.-Mannschaft-2.jpg 1024w\" sizes=\"auto, (max-width: 683px) 100vw, 683px\" \/><\/figure>\n","protected":false},"excerpt":{"rendered":"<p>Es ist wieder soweit &#8211; Es ist Eishockey Zeit. Wir melden uns nach der Sommerpause zur\u00fcck und starten die Saison heute, mit einem Vorbereitungsspiel unserer 1. Mannschaft gegen den HC M\u00fchlethurnen und den Spielpl\u00e4nen unserer beiden Mannschaften. Wir freuen uns auf eine tolle Saison und auf Euch! Hopp Buechi!!<\/p>\n","protected":false},"author":8,"featured_media":0,"comment_status":"closed","ping_status":"open","sticky":false,"template":"","format":"standard","meta":{"ngg_post_thumbnail":0,"footnotes":""},"categories":[1],"tags":[],"class_list":["post-5516","post","type-post","status-publish","format-standard","hentry","category-allgemein","item-wrap"],"_links":{"self":[{"href":"https:\/\/ehcbucheggberg.ch\/index.php\/wp-json\/wp\/v2\/posts\/5516","targetHints":{"allow":["GET"]}}],"collection":[{"href":"https:\/\/ehcbucheggberg.ch\/index.php\/wp-json\/wp\/v2\/posts"}],"about":[{"href":"https:\/\/ehcbucheggberg.ch\/index.php\/wp-json\/wp\/v2\/types\/post"}],"author":[{"embeddable":true,"href":"https:\/\/ehcbucheggberg.ch\/index.php\/wp-json\/wp\/v2\/users\/8"}],"replies":[{"embeddable":true,"href":"https:\/\/ehcbucheggberg.ch\/index.php\/wp-json\/wp\/v2\/comments?post=5516"}],"version-history":[{"count":2,"href":"https:\/\/ehcbucheggberg.ch\/index.php\/wp-json\/wp\/v2\/posts\/5516\/revisions"}],"predecessor-version":[{"id":5522,"href":"https:\/\/ehcbucheggberg.ch\/index.php\/wp-json\/wp\/v2\/posts\/5516\/revisions\/5522"}],"wp:attachment":[{"href":"https:\/\/ehcbucheggberg.ch\/index.php\/wp-json\/wp\/v2\/media?parent=5516"}],"wp:term":[{"taxonomy":"category","embeddable":true,"href":"https:\/\/ehcbucheggberg.ch\/index.php\/wp-json\/wp\/v2\/categories?post=5516"},{"taxonomy":"post_tag","embeddable":true,"href":"https:\/\/ehcbucheggberg.ch\/index.php\/wp-json\/wp\/v2\/tags?post=5516"}],"curies":[{"name":"wp","href":"https:\/\/api.w.org\/{rel}","templated":true}]}}