{"id":4423,"date":"2023-04-19T15:44:58","date_gmt":"2023-04-19T13:44:58","guid":{"rendered":"https:\/\/ehcbucheggberg.ch\/?p=4423"},"modified":"2023-04-19T15:45:00","modified_gmt":"2023-04-19T13:45:00","slug":"geaendertes-datum-fuer-die-24-generalversammlung-des-ehc-bucheggberg","status":"publish","type":"post","link":"https:\/\/ehcbucheggberg.ch\/index.php\/geaendertes-datum-fuer-die-24-generalversammlung-des-ehc-bucheggberg\/","title":{"rendered":"Ge\u00e4ndertes Datum f\u00fcr die 24. Generalversammlung des EHC Bucheggberg!"},"content":{"rendered":"\n<p><\/p>\n\n\n\n<p>Liebe Mitglieder des EHC Bucheggbergs<\/p>\n\n\n\n<p>Das Datum f\u00fcr die 24. Generalversammlung entspricht nicht mehr dem was fr\u00fchzeitig in unserem Bulletin angek\u00fcndigt wurde. Neu ist die GV am 2. Juni 2023. Dies aber immer noch im Ischhof in Aetigkofen.<\/p>\n\n\n\n<p>Wir freuen uns auf einen gem\u00fctlichen Abend mit euch!<\/p>\n","protected":false},"excerpt":{"rendered":"<p>Liebe Mitglieder des EHC Bucheggbergs Das Datum f\u00fcr die 24. Generalversammlung entspricht nicht mehr dem was fr\u00fchzeitig in unserem Bulletin angek\u00fcndigt wurde. Neu ist die GV am 2. Juni 2023. Dies aber immer noch im Ischhof in Aetigkofen. Wir freuen uns auf einen gem\u00fctlichen Abend mit euch!<\/p>\n","protected":false},"author":7,"featured_media":0,"comment_status":"closed","ping_status":"open","sticky":false,"template":"","format":"standard","meta":{"ngg_post_thumbnail":0,"footnotes":""},"categories":[1],"tags":[],"class_list":["post-4423","post","type-post","status-publish","format-standard","hentry","category-allgemein","item-wrap"],"_links":{"self":[{"href":"https:\/\/ehcbucheggberg.ch\/index.php\/wp-json\/wp\/v2\/posts\/4423","targetHints":{"allow":["GET"]}}],"collection":[{"href":"https:\/\/ehcbucheggberg.ch\/index.php\/wp-json\/wp\/v2\/posts"}],"about":[{"href":"https:\/\/ehcbucheggberg.ch\/index.php\/wp-json\/wp\/v2\/types\/post"}],"author":[{"embeddable":true,"href":"https:\/\/ehcbucheggberg.ch\/index.php\/wp-json\/wp\/v2\/users\/7"}],"replies":[{"embeddable":true,"href":"https:\/\/ehcbucheggberg.ch\/index.php\/wp-json\/wp\/v2\/comments?post=4423"}],"version-history":[{"count":1,"href":"https:\/\/ehcbucheggberg.ch\/index.php\/wp-json\/wp\/v2\/posts\/4423\/revisions"}],"predecessor-version":[{"id":4424,"href":"https:\/\/ehcbucheggberg.ch\/index.php\/wp-json\/wp\/v2\/posts\/4423\/revisions\/4424"}],"wp:attachment":[{"href":"https:\/\/ehcbucheggberg.ch\/index.php\/wp-json\/wp\/v2\/media?parent=4423"}],"wp:term":[{"taxonomy":"category","embeddable":true,"href":"https:\/\/ehcbucheggberg.ch\/index.php\/wp-json\/wp\/v2\/categories?post=4423"},{"taxonomy":"post_tag","embeddable":true,"href":"https:\/\/ehcbucheggberg.ch\/index.php\/wp-json\/wp\/v2\/tags?post=4423"}],"curies":[{"name":"wp","href":"https:\/\/api.w.org\/{rel}","templated":true}]}}