{"id":4420,"date":"2023-02-21T11:55:37","date_gmt":"2023-02-21T10:55:37","guid":{"rendered":"https:\/\/ehcbucheggberg.ch\/?p=4420"},"modified":"2023-02-21T11:55:38","modified_gmt":"2023-02-21T10:55:38","slug":"saisonende-nach-spiel-2","status":"publish","type":"post","link":"https:\/\/ehcbucheggberg.ch\/index.php\/saisonende-nach-spiel-2\/","title":{"rendered":"Saisonende nach Spiel 2"},"content":{"rendered":"\n<p>In einem Spiel, wo man \u00fcber weite Strecken dem Gegner \u00fcberlegen war, geht man schlussendlich nicht nur als Verlierer vom Eis, sondern auch noch gleich in die Sommerpause. Schade. Trotzdem gratulieren wir dem <a href=\"https:\/\/www.facebook.com\/ehcoberlangenegg?__cft__[0]=AZUYO0lVMva1rCfdMqW7r1NfeobIuUE3zdfwJSsKw4VHiPwaXhmeVcHRVEU0nSRu7DLrz3h9nrhJu2Uf7wAzODudn4KZ276HALWVeHrwvRNvB6KURSqe0xrUoLULU42sACu1NiKCZ_KwZTt0XWDWUvokVnEOPAe1xQmuSMeuEdImUcDKvA1Y1AQO3q-7r6wxm_4&amp;__tn__=-]K-R\">EHC Oberlangenegg<\/a> zum Weiterkommen und w\u00fcnschen ihnen im weiteren Verlauf der Playoffs viel Gl\u00fcck. <\/p>\n\n\n\n<p>Bei euch allen, Fans, Zuschauer, Sponsoren, Donatoren, G\u00f6nner, Follower, Supporter oder in welcher Form du dich auch immer mit uns verbunden f\u00fchlst, m\u00f6chten wir uns herzlichst bedanken! Ohne die Unterst\u00fctzung von euch w\u00e4re ein solcher Spielbetrieb nicht m\u00f6glich! <img loading=\"lazy\" decoding=\"async\" width=\"16\" height=\"16\" src=\"https:\/\/static.xx.fbcdn.net\/images\/emoji.php\/v9\/t94\/1\/16\/1f49a.png\" alt=\"\ud83d\udc9a\"> <\/p>\n\n\n\n<p>Big Love.<\/p>\n\n\n\n<p>Es kommen noch tolle Events, wo wir uns freuen w\u00fcrden euch begr\u00fcssen zu d\u00fcrfen! Sicher werden wir wieder engagiert sein am diesj\u00e4hrigen SlowUp, sowie an der 2. Buechib\u00e4rger Bierwanderig. <\/p>\n\n\n\n<p>Merci liebe Leute!<\/p>\n\n\n\n<p>Ein Verein &#8211; ein Herz <img loading=\"lazy\" decoding=\"async\" width=\"16\" height=\"16\" src=\"https:\/\/static.xx.fbcdn.net\/images\/emoji.php\/v9\/t94\/1\/16\/1f49a.png\" alt=\"\ud83d\udc9a\"><img loading=\"lazy\" decoding=\"async\" width=\"16\" height=\"16\" src=\"https:\/\/static.xx.fbcdn.net\/images\/emoji.php\/v9\/t94\/1\/16\/1f49a.png\" alt=\"\ud83d\udc9a\"><\/p>\n","protected":false},"excerpt":{"rendered":"<p>In einem Spiel, wo man \u00fcber weite Strecken dem Gegner \u00fcberlegen war, geht man schlussendlich nicht nur als Verlierer vom Eis, sondern auch noch gleich in die Sommerpause. Schade. Trotzdem gratulieren wir dem EHC Oberlangenegg zum Weiterkommen und w\u00fcnschen ihnen im weiteren Verlauf der Playoffs viel Gl\u00fcck. Bei euch allen, Fans, Zuschauer, Sponsoren, Donatoren, G\u00f6nner, &hellip; <\/p>\n<p><a class=\"more-link btn\" href=\"https:\/\/ehcbucheggberg.ch\/index.php\/saisonende-nach-spiel-2\/\">Weiterlesen<\/a><\/p>\n","protected":false},"author":7,"featured_media":0,"comment_status":"closed","ping_status":"open","sticky":false,"template":"","format":"standard","meta":{"ngg_post_thumbnail":0,"footnotes":""},"categories":[1],"tags":[],"class_list":["post-4420","post","type-post","status-publish","format-standard","hentry","category-allgemein","item-wrap"],"_links":{"self":[{"href":"https:\/\/ehcbucheggberg.ch\/index.php\/wp-json\/wp\/v2\/posts\/4420","targetHints":{"allow":["GET"]}}],"collection":[{"href":"https:\/\/ehcbucheggberg.ch\/index.php\/wp-json\/wp\/v2\/posts"}],"about":[{"href":"https:\/\/ehcbucheggberg.ch\/index.php\/wp-json\/wp\/v2\/types\/post"}],"author":[{"embeddable":true,"href":"https:\/\/ehcbucheggberg.ch\/index.php\/wp-json\/wp\/v2\/users\/7"}],"replies":[{"embeddable":true,"href":"https:\/\/ehcbucheggberg.ch\/index.php\/wp-json\/wp\/v2\/comments?post=4420"}],"version-history":[{"count":1,"href":"https:\/\/ehcbucheggberg.ch\/index.php\/wp-json\/wp\/v2\/posts\/4420\/revisions"}],"predecessor-version":[{"id":4421,"href":"https:\/\/ehcbucheggberg.ch\/index.php\/wp-json\/wp\/v2\/posts\/4420\/revisions\/4421"}],"wp:attachment":[{"href":"https:\/\/ehcbucheggberg.ch\/index.php\/wp-json\/wp\/v2\/media?parent=4420"}],"wp:term":[{"taxonomy":"category","embeddable":true,"href":"https:\/\/ehcbucheggberg.ch\/index.php\/wp-json\/wp\/v2\/categories?post=4420"},{"taxonomy":"post_tag","embeddable":true,"href":"https:\/\/ehcbucheggberg.ch\/index.php\/wp-json\/wp\/v2\/tags?post=4420"}],"curies":[{"name":"wp","href":"https:\/\/api.w.org\/{rel}","templated":true}]}}