{"id":4288,"date":"2022-06-20T13:13:34","date_gmt":"2022-06-20T11:13:34","guid":{"rendered":"https:\/\/ehcbucheggberg.ch\/?p=4288"},"modified":"2022-06-20T13:16:04","modified_gmt":"2022-06-20T11:16:04","slug":"23-generalversammlung-des-ehc-bucheggberg-verabschiedung-peter-zimpu-zimmermann","status":"publish","type":"post","link":"https:\/\/ehcbucheggberg.ch\/index.php\/23-generalversammlung-des-ehc-bucheggberg-verabschiedung-peter-zimpu-zimmermann\/","title":{"rendered":"23. Generalversammlung des EHC Bucheggberg &#038; Verabschiedung Peter &#8222;Zimpu&#8220; Zimmermann."},"content":{"rendered":"\n<p>Letzten Freitag hielten wir unsere 23. GV ab und durften diese im Eventlokal Ischhof in Aetigkofen durchf\u00fchren. F\u00fcr das sehr feine Essen und den freundlichen Empfang bedanken wir uns herzlichst!<\/p>\n\n\n\n<p>Leider mussten wir uns aber auch von unserem langj\u00e4hrigen Pr\u00e4sidenten Peter &#8222;Zimpu&#8220; Zimmermann verabschieden. Nach 20 Jahren im Vorstand und 12 Jahren davon als Pr\u00e4sident hat er sich dazu entschieden, sich aus seiner Funktion zur\u00fcckzuziehen. Es war ein sehr emotionaler Moment f\u00fcr alle , da Zimpu diesen Verein enorm pr\u00e4gte. Er war jeweils mit Herzblut und viel Leidenschaft bei der Sache und war f\u00fcr alle im ganzen Verein nicht nur ein Vorbild, sondern auch ein guter Freund. Gem\u00e4ss seinen Aussagen, wird er uns als Fan und kritischer Zuschauer erhalten bleiben. <img loading=\"lazy\" decoding=\"async\" src=\"https:\/\/static.xx.fbcdn.net\/images\/emoji.php\/v9\/t4c\/1\/16\/1f642.png\" alt=\"\ud83d\ude42\" width=\"16\" height=\"16\"><\/p>\n\n\n\n<p>Der ganze Verein dankt dir f\u00fcr das Geleistete Zimpu und w\u00fcnscht Dir auf deinem weiteren Lebensweg viel Freude und vor allem gute Gesundheit.<\/p>\n\n\n\n<p>Zum neuen Pr\u00e4sidenten wurde Andi Gehri gew\u00e4hlt. Wir wissen, dass wir mit ihm eine sehr kompetente und starke Pers\u00f6nlichkeit in unseren Reihen haben. Er wird die L\u00fccke, welche Zimpu hinterl\u00e4sst mit Sicherheit unerm\u00fcdlich versuchen zu schliessen. Viel Gl\u00fcck in deiner neuen Funktion \u00c4ndu.<\/p>\n\n\n\n<p>Leider sind wir noch immer auf der Suche nach einem neuen Kassier. Bei Interesse k\u00f6nnt ihr euch jederzeit melden.<\/p>\n","protected":false},"excerpt":{"rendered":"<p>Letzten Freitag hielten wir unsere 23. GV ab und durften diese im Eventlokal Ischhof in Aetigkofen durchf\u00fchren. F\u00fcr das sehr feine Essen und den freundlichen Empfang bedanken wir uns herzlichst! Leider mussten wir uns aber auch von unserem langj\u00e4hrigen Pr\u00e4sidenten Peter &#8222;Zimpu&#8220; Zimmermann verabschieden. Nach 20 Jahren im Vorstand und 12 Jahren davon als Pr\u00e4sident &hellip; <\/p>\n<p><a class=\"more-link btn\" href=\"https:\/\/ehcbucheggberg.ch\/index.php\/23-generalversammlung-des-ehc-bucheggberg-verabschiedung-peter-zimpu-zimmermann\/\">Weiterlesen<\/a><\/p>\n","protected":false},"author":7,"featured_media":4291,"comment_status":"closed","ping_status":"open","sticky":false,"template":"","format":"standard","meta":{"ngg_post_thumbnail":0,"footnotes":""},"categories":[1],"tags":[],"class_list":["post-4288","post","type-post","status-publish","format-standard","has-post-thumbnail","hentry","category-allgemein","item-wrap"],"_links":{"self":[{"href":"https:\/\/ehcbucheggberg.ch\/index.php\/wp-json\/wp\/v2\/posts\/4288","targetHints":{"allow":["GET"]}}],"collection":[{"href":"https:\/\/ehcbucheggberg.ch\/index.php\/wp-json\/wp\/v2\/posts"}],"about":[{"href":"https:\/\/ehcbucheggberg.ch\/index.php\/wp-json\/wp\/v2\/types\/post"}],"author":[{"embeddable":true,"href":"https:\/\/ehcbucheggberg.ch\/index.php\/wp-json\/wp\/v2\/users\/7"}],"replies":[{"embeddable":true,"href":"https:\/\/ehcbucheggberg.ch\/index.php\/wp-json\/wp\/v2\/comments?post=4288"}],"version-history":[{"count":2,"href":"https:\/\/ehcbucheggberg.ch\/index.php\/wp-json\/wp\/v2\/posts\/4288\/revisions"}],"predecessor-version":[{"id":4293,"href":"https:\/\/ehcbucheggberg.ch\/index.php\/wp-json\/wp\/v2\/posts\/4288\/revisions\/4293"}],"wp:featuredmedia":[{"embeddable":true,"href":"https:\/\/ehcbucheggberg.ch\/index.php\/wp-json\/wp\/v2\/media\/4291"}],"wp:attachment":[{"href":"https:\/\/ehcbucheggberg.ch\/index.php\/wp-json\/wp\/v2\/media?parent=4288"}],"wp:term":[{"taxonomy":"category","embeddable":true,"href":"https:\/\/ehcbucheggberg.ch\/index.php\/wp-json\/wp\/v2\/categories?post=4288"},{"taxonomy":"post_tag","embeddable":true,"href":"https:\/\/ehcbucheggberg.ch\/index.php\/wp-json\/wp\/v2\/tags?post=4288"}],"curies":[{"name":"wp","href":"https:\/\/api.w.org\/{rel}","templated":true}]}}