{"id":3981,"date":"2020-09-01T16:24:37","date_gmt":"2020-09-01T14:24:37","guid":{"rendered":"http:\/\/ehcbucheggberg.ch\/?p=3981"},"modified":"2020-09-04T09:36:16","modified_gmt":"2020-09-04T07:36:16","slug":"neue-saison-viel-veraenderung","status":"publish","type":"post","link":"https:\/\/ehcbucheggberg.ch\/index.php\/neue-saison-viel-veraenderung\/","title":{"rendered":"Neue Saison, viel Ver\u00e4nderung!"},"content":{"rendered":"\n<p>U<strong>PDATE SCHUTZKONZEPT &amp; PR\u00c4VENTIONSVIDEO SIHF<\/strong><\/p>\n\n\n\n<p>Es ist bereits eine neue Version vom Schutzkonzept des EHC Bucheggbergs vorhanden. Das Schutzkonzept kannst du <a href=\"https:\/\/ehcbucheggberg.ch\/index.php\/covid-19-schutzkonzept-ehc-bucheggberg\/\"><strong>hier<\/strong><\/a> downloaden! <\/p>\n\n\n\n<p><\/p>\n\n\n\n<figure class=\"wp-block-image size-large\"><img loading=\"lazy\" decoding=\"async\" width=\"1024\" height=\"435\" src=\"https:\/\/ehcbucheggberg.ch\/wp-content\/uploads\/EHCB-LOGO-1024x435.png\" alt=\"\" class=\"wp-image-3896\" srcset=\"https:\/\/ehcbucheggberg.ch\/wp-content\/uploads\/EHCB-LOGO-1024x435.png 1024w, https:\/\/ehcbucheggberg.ch\/wp-content\/uploads\/EHCB-LOGO-300x128.png 300w, https:\/\/ehcbucheggberg.ch\/wp-content\/uploads\/EHCB-LOGO-768x326.png 768w, https:\/\/ehcbucheggberg.ch\/wp-content\/uploads\/EHCB-LOGO.png 1221w\" sizes=\"auto, (max-width: 1024px) 100vw, 1024px\" \/><\/figure>\n\n\n\n<p>Ach wie ist das sch\u00f6n wieder zur\u00fcck auf dem Gletscher zu sein. Neue Saison, viel Ver\u00e4nderung!<\/p>\n\n\n\n<p>Von unserer Seite habt ihr Lieben leider schon l\u00e4ngere Zeit nichts mehr geh\u00f6rt.<\/p>\n\n\n\n<p>Daher updaten wir euch gerne wieder mal mit diversen News.<\/p>\n\n\n\n<p>Wir mussten, wie \u00fcbrigens auch alle anderen Vereine, ein Corona-Schutzkonzept ausarbeiten. <a href=\"https:\/\/ehcbucheggberg.ch\/index.php\/covid-19-schutzkonzept-ehc-bucheggberg\/\"><strong>Dieses findest du unter diesem Link<\/strong><\/a>. Lies es durch. Es kann st\u00e4ndig wieder \u00c4nderungen geben.<\/p>\n\n\n\n<p>&#8211;<\/p>\n\n\n\n<ol class=\"wp-block-list\"><li><strong>Mannschaft<\/strong><\/li><\/ol>\n\n\n\n<p>Der aktuelle Kader der 1. Mannschaft findest du <a href=\"https:\/\/ehcbucheggberg.ch\/index.php\/1-mannschaft\/team\/\"><strong>hier.<\/strong><\/a><\/p>\n\n\n\n<p>Beat Renggli hat uns aufgrund eines erhaltenen Jobangebots leider verlassen. Er gehe mit einem tr\u00e4nenden und einem lachenden Auge. Beat, im Namen von ganzen Verein w\u00fcnschen wir dir auf deinem weiteren Weg viel Gl\u00fcck und danken dir f\u00fcr dein Engagement bei uns im Verein.<\/p>\n\n\n\n<p>Neuer Headcoach 1. Mannschaft ist Fritz Lanz. Herzlich Willkommen in der Buechi-Familie!<\/p>\n\n\n\n<p><strong>WICHTIG! Spieldaten f\u00fcr Vorbereitungsspiele:<\/strong><\/p>\n\n\n\n<p>5. September 2020&nbsp;&nbsp;&nbsp;&nbsp;&nbsp;&nbsp;&nbsp;&nbsp; 18:30 Uhr in Zuchwil&nbsp;&nbsp;&nbsp;&nbsp;&nbsp;&nbsp; EHCB I vs. EHC Mirchel I<\/p>\n\n\n\n<p>9. September 2020&nbsp;&nbsp;&nbsp;&nbsp;&nbsp;&nbsp;&nbsp;&nbsp; 20:15 Uhr in Zuchwil&nbsp;&nbsp;&nbsp;&nbsp;&nbsp;&nbsp; EHCB I vs. EHC Burgdorf I<\/p>\n\n\n\n<p>19. September 2020&nbsp;&nbsp;&nbsp;&nbsp;&nbsp;&nbsp; 20:15 Uhr in Interlaken SC B\u00f6nigen vs. EHCB <\/p>\n\n\n\n<p>&#8211;<\/p>\n\n\n\n<p><strong>2. Mannschaft<\/strong><\/p>\n\n\n\n<p><\/p>\n\n\n\n<p>Der aktuelle Kader der 2. Mannschaft findest du <a href=\"https:\/\/ehcbucheggberg.ch\/index.php\/2-mannschaft\/team\/\"><strong>hier.<\/strong><\/a><\/p>\n\n\n\n<p>Auch in der 2. Mannschaft gab es sehr viel Ver\u00e4nderung. Die Mannschaft erstrahlt in neuem Glanz und mit vielen neuen Namen. Auf eine geile Saison!<\/p>\n\n\n\n<p>Neuer Headcoach 2. Mannschaft ist Roland Burkhalter. Auch dir w\u00fcnschen wir einen guten Start!<\/p>\n\n\n\n<p><strong>WICHTIG! Spieldaten f\u00fcr Vorbereitungsspiele:<\/strong><\/p>\n\n\n\n<p>5. September 2020&nbsp;&nbsp;&nbsp;&nbsp;&nbsp;&nbsp;&nbsp;&nbsp; 13:15 Uhr in Zug&nbsp;&nbsp;&nbsp;&nbsp;&nbsp;&nbsp;&nbsp;&nbsp;&nbsp;&nbsp;&nbsp;&nbsp;&nbsp;&nbsp; HC Zugerland vs. EHCB II<\/p>\n\n\n\n<p>19. September 2020&nbsp;&nbsp;&nbsp;&nbsp;&nbsp;&nbsp; 20:15 Uhr in Zuchwil&nbsp;&nbsp;&nbsp;&nbsp;&nbsp;&nbsp; EHCB II vs. EHC Mirchel II<\/p>\n\n\n\n<p>26. Septmeber 2020&nbsp;&nbsp;&nbsp;&nbsp;&nbsp;&nbsp; 13:30 Uhr in Interlaken EHC Beatenberg vs. EHCB II<\/p>\n\n\n\n<p>&#8211;<\/p>\n\n\n\n<p>Wir schauen gespannt auf eine interessante und herausfordernde Saison voraus. Wir hoffen sehr, dass wir auf unsere Fans z\u00e4hlen d\u00fcrfen trotz strengeren Auflagen.<\/p>\n\n\n\n<p>Bis gly!<\/p>\n\n\n\n<p>Euer EHC Bucheggberg<\/p>\n","protected":false},"excerpt":{"rendered":"<p>UPDATE SCHUTZKONZEPT &amp; PR\u00c4VENTIONSVIDEO SIHF Es ist bereits eine neue Version vom Schutzkonzept des EHC Bucheggbergs vorhanden. Das Schutzkonzept kannst du hier downloaden! Ach wie ist das sch\u00f6n wieder zur\u00fcck auf dem Gletscher zu sein. Neue Saison, viel Ver\u00e4nderung! Von unserer Seite habt ihr Lieben leider schon l\u00e4ngere Zeit nichts mehr geh\u00f6rt. Daher updaten wir &hellip; <\/p>\n<p><a class=\"more-link btn\" href=\"https:\/\/ehcbucheggberg.ch\/index.php\/neue-saison-viel-veraenderung\/\">Weiterlesen<\/a><\/p>\n","protected":false},"author":7,"featured_media":3898,"comment_status":"closed","ping_status":"open","sticky":false,"template":"","format":"standard","meta":{"ngg_post_thumbnail":0,"footnotes":""},"categories":[1],"tags":[],"class_list":["post-3981","post","type-post","status-publish","format-standard","has-post-thumbnail","hentry","category-allgemein","item-wrap"],"_links":{"self":[{"href":"https:\/\/ehcbucheggberg.ch\/index.php\/wp-json\/wp\/v2\/posts\/3981","targetHints":{"allow":["GET"]}}],"collection":[{"href":"https:\/\/ehcbucheggberg.ch\/index.php\/wp-json\/wp\/v2\/posts"}],"about":[{"href":"https:\/\/ehcbucheggberg.ch\/index.php\/wp-json\/wp\/v2\/types\/post"}],"author":[{"embeddable":true,"href":"https:\/\/ehcbucheggberg.ch\/index.php\/wp-json\/wp\/v2\/users\/7"}],"replies":[{"embeddable":true,"href":"https:\/\/ehcbucheggberg.ch\/index.php\/wp-json\/wp\/v2\/comments?post=3981"}],"version-history":[{"count":8,"href":"https:\/\/ehcbucheggberg.ch\/index.php\/wp-json\/wp\/v2\/posts\/3981\/revisions"}],"predecessor-version":[{"id":3996,"href":"https:\/\/ehcbucheggberg.ch\/index.php\/wp-json\/wp\/v2\/posts\/3981\/revisions\/3996"}],"wp:featuredmedia":[{"embeddable":true,"href":"https:\/\/ehcbucheggberg.ch\/index.php\/wp-json\/wp\/v2\/media\/3898"}],"wp:attachment":[{"href":"https:\/\/ehcbucheggberg.ch\/index.php\/wp-json\/wp\/v2\/media?parent=3981"}],"wp:term":[{"taxonomy":"category","embeddable":true,"href":"https:\/\/ehcbucheggberg.ch\/index.php\/wp-json\/wp\/v2\/categories?post=3981"},{"taxonomy":"post_tag","embeddable":true,"href":"https:\/\/ehcbucheggberg.ch\/index.php\/wp-json\/wp\/v2\/tags?post=3981"}],"curies":[{"name":"wp","href":"https:\/\/api.w.org\/{rel}","templated":true}]}}