{"id":3851,"date":"2020-03-04T17:13:52","date_gmt":"2020-03-04T16:13:52","guid":{"rendered":"http:\/\/ehcbucheggberg.ch\/?p=3851"},"modified":"2020-03-04T17:13:52","modified_gmt":"2020-03-04T16:13:52","slug":"neue-bildergalerien-online","status":"publish","type":"post","link":"https:\/\/ehcbucheggberg.ch\/index.php\/neue-bildergalerien-online\/","title":{"rendered":"Neue Bildergalerien online"},"content":{"rendered":"<p>Liebe Buechi-Familie<\/p>\n<p>Die Saison 2019\/2020 ist inzwischen leider zu Ende.<br \/>\nWir m\u00f6chten uns auf diesem Weg bei allen, die uns in irgendeiner Form unters\u00fctzt haben, herzlichst bedanken.<\/p>\n<p>Wer die Saison nochmals Revue passieren lassen m\u00f6chte, hat jetzt die M\u00f6glichkeit auf insgesamt 11 neue Bilderalben zuzugreifen:<br \/>\n<a href=\"https:\/\/ehcbucheggberg.ch\/index.php\/1-mannschaft\/bilder\/\">https:\/\/ehcbucheggberg.ch\/index.php\/1-mannschaft\/bilder\/<\/a><\/p>\n<p>Herzlichen Dank Jean-Claude Ch\u00e9hab f\u00fcr die tollen Bilder und den Einsatz!<br \/>\nBesucht doch seine Homepage:<br \/>\n<a href=\"http:\/\/www.scl-shots.magix.net\">www.scl-shots.magix.net<\/a><\/p>\n<p>Wir werden euch in der Sommerpause laufend mit News updaten.<\/p>\n<p>Geniesst den Sommer und bis n\u00e4chste Saison!<\/p>\n<p>Hopp Buechi!<\/p>\n<p><img loading=\"lazy\" decoding=\"async\" src=\"https:\/\/ehcbucheggberg.ch\/wp-content\/uploads\/20200220-Buechi-Rheinfelden-PO2-26.jpg\" alt=\"\" width=\"3821\" height=\"2548\" class=\"alignnone size-full wp-image-3855\" srcset=\"https:\/\/ehcbucheggberg.ch\/wp-content\/uploads\/20200220-Buechi-Rheinfelden-PO2-26.jpg 3821w, https:\/\/ehcbucheggberg.ch\/wp-content\/uploads\/20200220-Buechi-Rheinfelden-PO2-26-300x200.jpg 300w, https:\/\/ehcbucheggberg.ch\/wp-content\/uploads\/20200220-Buechi-Rheinfelden-PO2-26-768x512.jpg 768w, https:\/\/ehcbucheggberg.ch\/wp-content\/uploads\/20200220-Buechi-Rheinfelden-PO2-26-1024x683.jpg 1024w, https:\/\/ehcbucheggberg.ch\/wp-content\/uploads\/20200220-Buechi-Rheinfelden-PO2-26-1x1.jpg 1w\" sizes=\"auto, (max-width: 3821px) 100vw, 3821px\" \/><\/p>\n","protected":false},"excerpt":{"rendered":"<p>Liebe Buechi-Familie Die Saison 2019\/2020 ist inzwischen leider zu Ende. Wir m\u00f6chten uns auf diesem Weg bei allen, die uns in irgendeiner Form unters\u00fctzt haben, herzlichst bedanken. Wer die Saison nochmals Revue passieren lassen m\u00f6chte, hat jetzt die M\u00f6glichkeit auf insgesamt 11 neue Bilderalben zuzugreifen: https:\/\/ehcbucheggberg.ch\/index.php\/1-mannschaft\/bilder\/ Herzlichen Dank Jean-Claude Ch\u00e9hab f\u00fcr die tollen Bilder und &hellip; <\/p>\n<p><a class=\"more-link btn\" href=\"https:\/\/ehcbucheggberg.ch\/index.php\/neue-bildergalerien-online\/\">Weiterlesen<\/a><\/p>\n","protected":false},"author":7,"featured_media":0,"comment_status":"closed","ping_status":"open","sticky":false,"template":"","format":"standard","meta":{"ngg_post_thumbnail":0,"footnotes":""},"categories":[1],"tags":[],"class_list":["post-3851","post","type-post","status-publish","format-standard","hentry","category-allgemein","item-wrap"],"_links":{"self":[{"href":"https:\/\/ehcbucheggberg.ch\/index.php\/wp-json\/wp\/v2\/posts\/3851","targetHints":{"allow":["GET"]}}],"collection":[{"href":"https:\/\/ehcbucheggberg.ch\/index.php\/wp-json\/wp\/v2\/posts"}],"about":[{"href":"https:\/\/ehcbucheggberg.ch\/index.php\/wp-json\/wp\/v2\/types\/post"}],"author":[{"embeddable":true,"href":"https:\/\/ehcbucheggberg.ch\/index.php\/wp-json\/wp\/v2\/users\/7"}],"replies":[{"embeddable":true,"href":"https:\/\/ehcbucheggberg.ch\/index.php\/wp-json\/wp\/v2\/comments?post=3851"}],"version-history":[{"count":4,"href":"https:\/\/ehcbucheggberg.ch\/index.php\/wp-json\/wp\/v2\/posts\/3851\/revisions"}],"predecessor-version":[{"id":3856,"href":"https:\/\/ehcbucheggberg.ch\/index.php\/wp-json\/wp\/v2\/posts\/3851\/revisions\/3856"}],"wp:attachment":[{"href":"https:\/\/ehcbucheggberg.ch\/index.php\/wp-json\/wp\/v2\/media?parent=3851"}],"wp:term":[{"taxonomy":"category","embeddable":true,"href":"https:\/\/ehcbucheggberg.ch\/index.php\/wp-json\/wp\/v2\/categories?post=3851"},{"taxonomy":"post_tag","embeddable":true,"href":"https:\/\/ehcbucheggberg.ch\/index.php\/wp-json\/wp\/v2\/tags?post=3851"}],"curies":[{"name":"wp","href":"https:\/\/api.w.org\/{rel}","templated":true}]}}