{"id":2980,"date":"2019-11-13T14:02:51","date_gmt":"2019-11-13T13:02:51","guid":{"rendered":"http:\/\/ehcbucheggberg.ch\/?p=2980"},"modified":"2019-11-13T14:02:51","modified_gmt":"2019-11-13T13:02:51","slug":"advaents-maerit-buechi-2020","status":"publish","type":"post","link":"https:\/\/ehcbucheggberg.ch\/index.php\/advaents-maerit-buechi-2020\/","title":{"rendered":"Adv\u00e4nts-M\u00e4rit Buechi 2020"},"content":{"rendered":"<p><strong>Mit Stolz d\u00fcrfen wir verk\u00fcnden, dass der<br \/>\nEHC Bucheggberg beim allerersten Adv\u00e4nts-M\u00e4rit im<br \/>\nund ums Restaurant Schloss Buechi dabei sein wird.<\/strong><\/p>\n<p>Kommt vorbei und geniesst ein leckeres Raclette bei uns am Stand.<\/p>\n<p><em>Alle Infos zum M\u00e4rit und zu allen Verkaufsst\u00e4nden findest du unten auf dem Flyer.<\/em><\/p>\n<p><img loading=\"lazy\" decoding=\"async\" src=\"https:\/\/ehcbucheggberg.ch\/wp-content\/uploads\/Flyer-S1-V3b.png\" alt=\"\" width=\"1363\" height=\"961\" class=\"alignnone size-full wp-image-2978\" srcset=\"https:\/\/ehcbucheggberg.ch\/wp-content\/uploads\/Flyer-S1-V3b.png 1363w, https:\/\/ehcbucheggberg.ch\/wp-content\/uploads\/Flyer-S1-V3b-300x212.png 300w, https:\/\/ehcbucheggberg.ch\/wp-content\/uploads\/Flyer-S1-V3b-768x541.png 768w, https:\/\/ehcbucheggberg.ch\/wp-content\/uploads\/Flyer-S1-V3b-1024x722.png 1024w, https:\/\/ehcbucheggberg.ch\/wp-content\/uploads\/Flyer-S1-V3b-1x1.png 1w\" sizes=\"auto, (max-width: 1363px) 100vw, 1363px\" \/><br \/>\n<img loading=\"lazy\" decoding=\"async\" src=\"https:\/\/ehcbucheggberg.ch\/wp-content\/uploads\/Flyer-S2-V3c.png\" alt=\"\" width=\"1364\" height=\"960\" class=\"alignnone size-full wp-image-2979\" srcset=\"https:\/\/ehcbucheggberg.ch\/wp-content\/uploads\/Flyer-S2-V3c.png 1364w, https:\/\/ehcbucheggberg.ch\/wp-content\/uploads\/Flyer-S2-V3c-300x211.png 300w, https:\/\/ehcbucheggberg.ch\/wp-content\/uploads\/Flyer-S2-V3c-768x541.png 768w, https:\/\/ehcbucheggberg.ch\/wp-content\/uploads\/Flyer-S2-V3c-1024x721.png 1024w, https:\/\/ehcbucheggberg.ch\/wp-content\/uploads\/Flyer-S2-V3c-1x1.png 1w\" sizes=\"auto, (max-width: 1364px) 100vw, 1364px\" \/><\/p>\n","protected":false},"excerpt":{"rendered":"<p>Mit Stolz d\u00fcrfen wir verk\u00fcnden, dass der EHC Bucheggberg beim allerersten Adv\u00e4nts-M\u00e4rit im und ums Restaurant Schloss Buechi dabei sein wird. Kommt vorbei und geniesst ein leckeres Raclette bei uns am Stand. Alle Infos zum M\u00e4rit und zu allen Verkaufsst\u00e4nden findest du unten auf dem Flyer.<\/p>\n","protected":false},"author":7,"featured_media":0,"comment_status":"closed","ping_status":"open","sticky":false,"template":"","format":"standard","meta":{"ngg_post_thumbnail":0,"footnotes":""},"categories":[1],"tags":[],"class_list":["post-2980","post","type-post","status-publish","format-standard","hentry","category-allgemein","item-wrap"],"_links":{"self":[{"href":"https:\/\/ehcbucheggberg.ch\/index.php\/wp-json\/wp\/v2\/posts\/2980","targetHints":{"allow":["GET"]}}],"collection":[{"href":"https:\/\/ehcbucheggberg.ch\/index.php\/wp-json\/wp\/v2\/posts"}],"about":[{"href":"https:\/\/ehcbucheggberg.ch\/index.php\/wp-json\/wp\/v2\/types\/post"}],"author":[{"embeddable":true,"href":"https:\/\/ehcbucheggberg.ch\/index.php\/wp-json\/wp\/v2\/users\/7"}],"replies":[{"embeddable":true,"href":"https:\/\/ehcbucheggberg.ch\/index.php\/wp-json\/wp\/v2\/comments?post=2980"}],"version-history":[{"count":7,"href":"https:\/\/ehcbucheggberg.ch\/index.php\/wp-json\/wp\/v2\/posts\/2980\/revisions"}],"predecessor-version":[{"id":2987,"href":"https:\/\/ehcbucheggberg.ch\/index.php\/wp-json\/wp\/v2\/posts\/2980\/revisions\/2987"}],"wp:attachment":[{"href":"https:\/\/ehcbucheggberg.ch\/index.php\/wp-json\/wp\/v2\/media?parent=2980"}],"wp:term":[{"taxonomy":"category","embeddable":true,"href":"https:\/\/ehcbucheggberg.ch\/index.php\/wp-json\/wp\/v2\/categories?post=2980"},{"taxonomy":"post_tag","embeddable":true,"href":"https:\/\/ehcbucheggberg.ch\/index.php\/wp-json\/wp\/v2\/tags?post=2980"}],"curies":[{"name":"wp","href":"https:\/\/api.w.org\/{rel}","templated":true}]}}