{"id":2743,"date":"2019-09-06T15:15:26","date_gmt":"2019-09-06T13:15:26","guid":{"rendered":"http:\/\/ehcbucheggberg.ch\/?p=2743"},"modified":"2019-09-06T15:15:26","modified_gmt":"2019-09-06T13:15:26","slug":"wechsel-im-vorstand","status":"publish","type":"post","link":"https:\/\/ehcbucheggberg.ch\/index.php\/wechsel-im-vorstand\/","title":{"rendered":"Wechsel im Vorstand"},"content":{"rendered":"<p><strong>Beisitzerin\/Medienverantwortliche \u2013 Wechsel im Vorstand<\/strong><\/p>\n<p>Unsere attraktive Homepage, ausgestattet mit den stets interessanten Matchberichten, Resultaten, Fotos, diversen Ank\u00fcndigungen und weiteren Informationen wurden in der vergangen Saison von Fabienne Howald verfasst.<br \/>\nAuch auf unserer Facebook-Fanseite war Sie stets aktiv und pr\u00e4sent.<\/p>\n<p>Aufgrund zeitlicher Kapazit\u00e4ten muss unsere kompetente Fabienne auf die kommende Eishockeysaison 2019\/2020 k\u00fcrzer treten, was wir absolut nachvollziehen k\u00f6nnen und verstehen.<\/p>\n<p>Wir danken Fabienne an dieser Stelle f\u00fcr den unerm\u00fcdlichen Einsatz und Fleiss \u2013 Auf sie war stets Verlass.<\/p>\n<p>Fabienne tritt somit aus dem Vorstand, ist aber dennoch bei Eins\u00e4tzen oder am Spielfeldrand anzutreffen\u2026<\/p>\n<p>&nbsp;<\/p>\n<p><strong>Nachfolger gefunden<\/strong><\/p>\n<p>Solche Arbeiten im Hintergrund sind aufwendig und nicht zu untersch\u00e4tzen.<br \/>\nSofort haben wir uns auf die Suche nach einem geeigneten Nachfolger gemacht und wir wurden f\u00fcndig\u2026<\/p>\n<p>Gerne verk\u00fcnden wir, dass ab sofort Kevin M\u00fcller die Funktion als Medienverantwortlicher im Vorstand \u00fcbernimmt.<\/p>\n<p>Der EHC Bucheggberg w\u00fcnscht Kevin viel Erfolg und Freude an seiner neuen T\u00e4tigkeit. Unsere Homepage und Facebookseite ist somit stets aktuell \u2013 \u201eHave a Look\u201c.<\/p>\n<p>&nbsp;<\/p>\n<p>&nbsp;<\/p>\n","protected":false},"excerpt":{"rendered":"<p>Beisitzerin\/Medienverantwortliche \u2013 Wechsel im Vorstand Unsere attraktive Homepage, ausgestattet mit den stets interessanten Matchberichten, Resultaten, Fotos, diversen Ank\u00fcndigungen und weiteren Informationen wurden in der vergangen Saison von Fabienne Howald verfasst. Auch auf unserer Facebook-Fanseite war Sie stets aktiv und pr\u00e4sent. Aufgrund zeitlicher Kapazit\u00e4ten muss unsere kompetente Fabienne auf die kommende Eishockeysaison 2019\/2020 k\u00fcrzer treten, was &hellip; <\/p>\n<p><a class=\"more-link btn\" href=\"https:\/\/ehcbucheggberg.ch\/index.php\/wechsel-im-vorstand\/\">Weiterlesen<\/a><\/p>\n","protected":false},"author":7,"featured_media":0,"comment_status":"closed","ping_status":"open","sticky":false,"template":"","format":"standard","meta":{"ngg_post_thumbnail":0,"footnotes":""},"categories":[1],"tags":[],"class_list":["post-2743","post","type-post","status-publish","format-standard","hentry","category-allgemein","item-wrap"],"_links":{"self":[{"href":"https:\/\/ehcbucheggberg.ch\/index.php\/wp-json\/wp\/v2\/posts\/2743","targetHints":{"allow":["GET"]}}],"collection":[{"href":"https:\/\/ehcbucheggberg.ch\/index.php\/wp-json\/wp\/v2\/posts"}],"about":[{"href":"https:\/\/ehcbucheggberg.ch\/index.php\/wp-json\/wp\/v2\/types\/post"}],"author":[{"embeddable":true,"href":"https:\/\/ehcbucheggberg.ch\/index.php\/wp-json\/wp\/v2\/users\/7"}],"replies":[{"embeddable":true,"href":"https:\/\/ehcbucheggberg.ch\/index.php\/wp-json\/wp\/v2\/comments?post=2743"}],"version-history":[{"count":1,"href":"https:\/\/ehcbucheggberg.ch\/index.php\/wp-json\/wp\/v2\/posts\/2743\/revisions"}],"predecessor-version":[{"id":2744,"href":"https:\/\/ehcbucheggberg.ch\/index.php\/wp-json\/wp\/v2\/posts\/2743\/revisions\/2744"}],"wp:attachment":[{"href":"https:\/\/ehcbucheggberg.ch\/index.php\/wp-json\/wp\/v2\/media?parent=2743"}],"wp:term":[{"taxonomy":"category","embeddable":true,"href":"https:\/\/ehcbucheggberg.ch\/index.php\/wp-json\/wp\/v2\/categories?post=2743"},{"taxonomy":"post_tag","embeddable":true,"href":"https:\/\/ehcbucheggberg.ch\/index.php\/wp-json\/wp\/v2\/tags?post=2743"}],"curies":[{"name":"wp","href":"https:\/\/api.w.org\/{rel}","templated":true}]}}