{"id":2672,"date":"2019-07-11T11:56:46","date_gmt":"2019-07-11T09:56:46","guid":{"rendered":"http:\/\/ehcbucheggberg.ch\/?p=2672"},"modified":"2019-07-11T11:56:46","modified_gmt":"2019-07-11T09:56:46","slug":"sommertraining-19-1-mannschaft-mit-philipp-karli-mit-der-dicken-bertha-auf-den-berg","status":"publish","type":"post","link":"https:\/\/ehcbucheggberg.ch\/index.php\/sommertraining-19-1-mannschaft-mit-philipp-karli-mit-der-dicken-bertha-auf-den-berg\/","title":{"rendered":"Sommertraining 19 1. Mannschaft mit Philipp Karli &#8211; Mit der &#8222;Dicken Bertha&#8220; auf den Berg"},"content":{"rendered":"<p>Der Sommer brennt heiss und die Boyz des EHC Bucheggberg leiden schon bald 10 Wochen in der Glut. Zum zweiten &#8222;Special&#8220; wurde ein Lastenmarsch angek\u00fcndigt. Wenige Informationen flossen vor dem Event, ganz bewusst. Einzig Etappenstart und -ziel wurden bekannt gegeben. Verpflegung und Logistik mussten von der Mannschaft selbst organisiert werden.<br \/>\nGestern, um 19.15h ging&#8217;s dann los. Marschiert wurde mit Vollpackung ab Oberdorf; mit dabei: die &#8222;Dicke Bertha&#8220;. Ein 170kg zurecht geschnittenes Stammholz war stetiger und unbequemer Wegbegleiter. Zu Sechst wurde die &#8222;Dicke Bertha&#8220; jeweils geschultert oder getragen. Ziel der \u00dcbung: die Auslotung der physischen und psychischen Belastbarkeit! Wer Milit\u00e4rdienst geleistet hat weiss, dass das sinnlose Mittragen von Mehrlast mit zunehmender Anstrengung ziemlich an die Nerven geht.<br \/>\nDie Mannschaft hat aber enorme Leidensbereitschaft bewiesen, und mit \u00fcberragenden Leistungen die Erwartungen Aller \u00fcbertroffen. Bereits kurz nach 20.00h war Zielankunft. Dank der Mithilfe unseres sehr gesch\u00e4tzten Sportchefs und unserem unerm\u00fcdlichen, selbstlosen Vincent sowie der Organisation eines Caterings durften wir uns an gedecktem Tisch reichhaltig bedienen. An dieser Stelle ein riesiges Kompliment und Dankesch\u00f6n an euch: W\u00fcdi und Vincent!! Der Abend fand zeitgleich zum Untergang der Sonne seinen Ausklang \u2013 weder die &#8222;Dicke Bertha&#8220; noch der Berg konnten den ECH Bucheggberg in die Knie zwingen \u2013 und so verabschiedete man sich, zwar mit m\u00fcden Beinen, aber voller Stolz..<br \/>\nDanke Jungz \u2013 speechless, once more<br \/>\nTragt Stolz und Liebe und Freude nach aussen<\/p>\n<p>Euer Phippu<\/p>\n<p><img loading=\"lazy\" decoding=\"async\" src=\"https:\/\/ehcbucheggberg.ch\/wp-content\/uploads\/IMG-20190704-WA0011_ergebnis.jpg\" alt=\"\" width=\"1024\" height=\"768\" class=\"alignnone size-full wp-image-2673\" srcset=\"https:\/\/ehcbucheggberg.ch\/wp-content\/uploads\/IMG-20190704-WA0011_ergebnis.jpg 1024w, https:\/\/ehcbucheggberg.ch\/wp-content\/uploads\/IMG-20190704-WA0011_ergebnis-300x225.jpg 300w, https:\/\/ehcbucheggberg.ch\/wp-content\/uploads\/IMG-20190704-WA0011_ergebnis-768x576.jpg 768w, https:\/\/ehcbucheggberg.ch\/wp-content\/uploads\/IMG-20190704-WA0011_ergebnis-1x1.jpg 1w\" sizes=\"auto, (max-width: 1024px) 100vw, 1024px\" \/><br \/>\n<img loading=\"lazy\" decoding=\"async\" src=\"https:\/\/ehcbucheggberg.ch\/wp-content\/uploads\/IMG-20190704-WA0014_ergebnis.jpg\" alt=\"\" width=\"1024\" height=\"768\" class=\"alignnone size-full wp-image-2674\" srcset=\"https:\/\/ehcbucheggberg.ch\/wp-content\/uploads\/IMG-20190704-WA0014_ergebnis.jpg 1024w, https:\/\/ehcbucheggberg.ch\/wp-content\/uploads\/IMG-20190704-WA0014_ergebnis-300x225.jpg 300w, https:\/\/ehcbucheggberg.ch\/wp-content\/uploads\/IMG-20190704-WA0014_ergebnis-768x576.jpg 768w, https:\/\/ehcbucheggberg.ch\/wp-content\/uploads\/IMG-20190704-WA0014_ergebnis-1x1.jpg 1w\" sizes=\"auto, (max-width: 1024px) 100vw, 1024px\" \/><\/p>\n","protected":false},"excerpt":{"rendered":"<p>Der Sommer brennt heiss und die Boyz des EHC Bucheggberg leiden schon bald 10 Wochen in der Glut. Zum zweiten &#8222;Special&#8220; wurde ein Lastenmarsch angek\u00fcndigt. Wenige Informationen flossen vor dem Event, ganz bewusst. Einzig Etappenstart und -ziel wurden bekannt gegeben. Verpflegung und Logistik mussten von der Mannschaft selbst organisiert werden. Gestern, um 19.15h ging&#8217;s dann &hellip; <\/p>\n<p><a class=\"more-link btn\" href=\"https:\/\/ehcbucheggberg.ch\/index.php\/sommertraining-19-1-mannschaft-mit-philipp-karli-mit-der-dicken-bertha-auf-den-berg\/\">Weiterlesen<\/a><\/p>\n","protected":false},"author":1,"featured_media":0,"comment_status":"closed","ping_status":"open","sticky":false,"template":"","format":"standard","meta":{"ngg_post_thumbnail":0,"footnotes":""},"categories":[1],"tags":[],"class_list":["post-2672","post","type-post","status-publish","format-standard","hentry","category-allgemein","item-wrap"],"_links":{"self":[{"href":"https:\/\/ehcbucheggberg.ch\/index.php\/wp-json\/wp\/v2\/posts\/2672","targetHints":{"allow":["GET"]}}],"collection":[{"href":"https:\/\/ehcbucheggberg.ch\/index.php\/wp-json\/wp\/v2\/posts"}],"about":[{"href":"https:\/\/ehcbucheggberg.ch\/index.php\/wp-json\/wp\/v2\/types\/post"}],"author":[{"embeddable":true,"href":"https:\/\/ehcbucheggberg.ch\/index.php\/wp-json\/wp\/v2\/users\/1"}],"replies":[{"embeddable":true,"href":"https:\/\/ehcbucheggberg.ch\/index.php\/wp-json\/wp\/v2\/comments?post=2672"}],"version-history":[{"count":1,"href":"https:\/\/ehcbucheggberg.ch\/index.php\/wp-json\/wp\/v2\/posts\/2672\/revisions"}],"predecessor-version":[{"id":2675,"href":"https:\/\/ehcbucheggberg.ch\/index.php\/wp-json\/wp\/v2\/posts\/2672\/revisions\/2675"}],"wp:attachment":[{"href":"https:\/\/ehcbucheggberg.ch\/index.php\/wp-json\/wp\/v2\/media?parent=2672"}],"wp:term":[{"taxonomy":"category","embeddable":true,"href":"https:\/\/ehcbucheggberg.ch\/index.php\/wp-json\/wp\/v2\/categories?post=2672"},{"taxonomy":"post_tag","embeddable":true,"href":"https:\/\/ehcbucheggberg.ch\/index.php\/wp-json\/wp\/v2\/tags?post=2672"}],"curies":[{"name":"wp","href":"https:\/\/api.w.org\/{rel}","templated":true}]}}