{"id":1134,"date":"2017-12-16T15:04:03","date_gmt":"2017-12-16T14:04:03","guid":{"rendered":"http:\/\/ehcbucheggberg.ch\/?p=1134"},"modified":"2017-12-16T15:04:03","modified_gmt":"2017-12-16T14:04:03","slug":"das-vereinsportrait-ist-online","status":"publish","type":"post","link":"https:\/\/ehcbucheggberg.ch\/index.php\/das-vereinsportrait-ist-online\/","title":{"rendered":"Das Vereinsportrait ist Online"},"content":{"rendered":"<p>&#8222;Tiefe Einblicke auf und neben dem Eis beim EHC Bucheggberg | Ein Verein schaut hinter die Kulissen&#8220;<\/p>\n<p>Liebe Eishockeyfamilie, vor rund 18 Jahren, genauer gesagt, am 12.01.2000 wurde der &#8222;Traditionsverein EHC Bucheggberg&#8220; gegr\u00fcndet. Mit dem folgenden Video gewinnt ihr Eindr\u00fccke vom Garderobenleben der jeweiligen Mannschaften oder beispielsweise den Abl\u00e4ufen unserer Organisatoren am Spieltag in Zuchwil. Zudem verr\u00e4t euch unser Kultpr\u00e4sident, der Sportchef, der Finanzchef und unser Captain der 1. Mannschaft einiges &#8222;intimeres&#8220; \u00fcber ihre Gebiete, Aufgaben und Rollen im Verein&#8230;<\/p>\n<p>Wir danken jump-tv &#038; GA Weissenstein GmbH f\u00fcr den rund 7.5 min\u00fctigen Bericht auf Youtube &#8211; Die Zusammenarbeit war unkompliziert und hat riesenspass gemacht!<\/p>\n<p>An dieser Stelle n\u00fctzen wir die Gelegenheit bereits jetzt und w\u00fcnschen jedem einzelnen Fan eine sch\u00f6ne Adventszeit, viel Lebensfreude, Gesundheit und einen sauberen Rutsch ins neue Jahr. Wir z\u00e4hlen auch im 2018 wieder auf Deinen Besuch am Eisfeldrand. <\/p>\n<div class=\"embed-container\"><iframe loading=\"lazy\" title=\"EHC Bucheggberg - Vereinsportr\u00e4t\" width=\"720\" height=\"405\" src=\"https:\/\/www.youtube.com\/embed\/SEVN_o_k4p8?feature=oembed\" frameborder=\"0\" allow=\"accelerometer; autoplay; encrypted-media; gyroscope; picture-in-picture\" allowfullscreen><\/iframe><\/div>\n","protected":false},"excerpt":{"rendered":"<p>&#8222;Tiefe Einblicke auf und neben dem Eis beim EHC Bucheggberg | Ein Verein schaut hinter die Kulissen&#8220; Liebe Eishockeyfamilie, vor rund 18 Jahren, genauer gesagt, am 12.01.2000 wurde der &#8222;Traditionsverein EHC Bucheggberg&#8220; gegr\u00fcndet. Mit dem folgenden Video gewinnt ihr Eindr\u00fccke vom Garderobenleben der jeweiligen Mannschaften oder beispielsweise den Abl\u00e4ufen unserer Organisatoren am Spieltag in Zuchwil. &hellip; <\/p>\n<p><a class=\"more-link btn\" href=\"https:\/\/ehcbucheggberg.ch\/index.php\/das-vereinsportrait-ist-online\/\">Weiterlesen<\/a><\/p>\n","protected":false},"author":1,"featured_media":0,"comment_status":"closed","ping_status":"open","sticky":false,"template":"","format":"standard","meta":{"ngg_post_thumbnail":0,"footnotes":""},"categories":[1],"tags":[],"class_list":["post-1134","post","type-post","status-publish","format-standard","hentry","category-allgemein","item-wrap"],"_links":{"self":[{"href":"https:\/\/ehcbucheggberg.ch\/index.php\/wp-json\/wp\/v2\/posts\/1134","targetHints":{"allow":["GET"]}}],"collection":[{"href":"https:\/\/ehcbucheggberg.ch\/index.php\/wp-json\/wp\/v2\/posts"}],"about":[{"href":"https:\/\/ehcbucheggberg.ch\/index.php\/wp-json\/wp\/v2\/types\/post"}],"author":[{"embeddable":true,"href":"https:\/\/ehcbucheggberg.ch\/index.php\/wp-json\/wp\/v2\/users\/1"}],"replies":[{"embeddable":true,"href":"https:\/\/ehcbucheggberg.ch\/index.php\/wp-json\/wp\/v2\/comments?post=1134"}],"version-history":[{"count":2,"href":"https:\/\/ehcbucheggberg.ch\/index.php\/wp-json\/wp\/v2\/posts\/1134\/revisions"}],"predecessor-version":[{"id":1872,"href":"https:\/\/ehcbucheggberg.ch\/index.php\/wp-json\/wp\/v2\/posts\/1134\/revisions\/1872"}],"wp:attachment":[{"href":"https:\/\/ehcbucheggberg.ch\/index.php\/wp-json\/wp\/v2\/media?parent=1134"}],"wp:term":[{"taxonomy":"category","embeddable":true,"href":"https:\/\/ehcbucheggberg.ch\/index.php\/wp-json\/wp\/v2\/categories?post=1134"},{"taxonomy":"post_tag","embeddable":true,"href":"https:\/\/ehcbucheggberg.ch\/index.php\/wp-json\/wp\/v2\/tags?post=1134"}],"curies":[{"name":"wp","href":"https:\/\/api.w.org\/{rel}","templated":true}]}}